{"id":163,"date":"2020-03-16T20:26:49","date_gmt":"2020-03-16T19:26:49","guid":{"rendered":"http:\/\/urbariattrebelovce.sk\/?p=163"},"modified":"2020-03-16T20:27:41","modified_gmt":"2020-03-16T19:27:41","slug":"o-z-n-a-m-e-n-i-e","status":"publish","type":"post","link":"https:\/\/urbariattrebelovce.sk\/?p=163","title":{"rendered":"O z n \u00e1 m e n i e"},"content":{"rendered":"\n<p><strong>V\u0161etk\u00fdm \u010dlenom\nUrbari\u00e1tu Trebe\u013eovce p.s.!<\/strong><\/p>\n\n\n\n<p class=\"has-text-color has-vivid-red-color\"><strong>Vec:&nbsp; Zru\u0161enie term\u00ednu konania Valn\u00e9ho zhroma\u017edenia\nUrbari\u00e1tu Trebe\u013eovce p.s., pl\u00e1novan\u00e9ho na de\u0148 22.03.2020 na 14,00 hod.\nv&nbsp;Trebe\u013eovciach.<\/strong><\/p>\n\n\n\n<p>V\u00e1\u017een\u00ed \u010dlenovia Urbari\u00e1tu Trebe\u013eovce p.s.,<br>\npozv\u00e1nkami, ktor\u00e9 ste obdr\u017eali cca pred troma t\u00fd\u017ed\u0148ami, sme pl\u00e1novali\nuskuto\u010dni\u0165 valn\u00e9 zhroma\u017edenie d\u0148a 22.03.2020 o&nbsp;14,00 hod v&nbsp;malej\nzasada\u010dke Oc\u00fa v&nbsp;Trebe\u013eovciach.<br>\nVzh\u013eadom na epidemiologick\u00fa situ\u00e1ciu na Slovensku, \u00dastredn\u00fd kr\u00edzov\u00fd \u0161t\u00e1b\nrozhodol, \u017ee od 10.03.2020 na 14 dn\u00ed plat\u00ed plo\u0161n\u00fd z\u00e1kaz konania kult\u00farnych,\n\u0161portov\u00fdch, mimo\u0161kolsk\u00fdch, alebo in\u00fdch spolo\u010densk\u00fdch podujat\u00ed. <\/p>\n\n\n\n<p><strong>Na z\u00e1klade uvedenej skuto\u010dnosti sme\nprist\u00fapili aj my k&nbsp;zru\u0161eniu valn\u00e9ho zhroma\u017edenia&nbsp; pl\u00e1novan\u00e9ho na de\u0148 22.03.2020 na<br>\n14 hodinu.<\/strong><\/p>\n\n\n\n<p><strong>Nov\u00fd term\u00edn konania\nV\u00e1m bude v\u010das ozn\u00e1men\u00fd po stabilizovan\u00ed epidemiologickej situ\u00e1cii na Slovensku.<\/strong><\/p>\n\n\n\n<p>Za pochopenie \u010fakujeme.<\/p>\n\n\n\n<p>Za v\u00fdbor&nbsp; s&nbsp;\u00factou&nbsp;&nbsp;&nbsp;&nbsp;&nbsp;&nbsp;&nbsp;&nbsp;&nbsp;&nbsp;&nbsp;&nbsp;&nbsp;&nbsp;&nbsp;&nbsp;&nbsp;&nbsp;&nbsp;&nbsp;&nbsp;&nbsp;&nbsp;&nbsp;&nbsp;&nbsp;&nbsp;&nbsp;&nbsp;&nbsp;&nbsp;&nbsp;&nbsp;&nbsp;&nbsp;&nbsp;&nbsp;&nbsp;&nbsp;&nbsp;&nbsp;&nbsp;&nbsp;&nbsp;&nbsp;&nbsp;&nbsp;&nbsp;&nbsp;&nbsp;&nbsp;&nbsp;&nbsp;&nbsp;&nbsp;&nbsp;&nbsp;&nbsp;&nbsp;&nbsp;&nbsp;&nbsp;&nbsp;&nbsp;&nbsp;&nbsp;&nbsp;&nbsp;&nbsp;&nbsp;&nbsp;&nbsp;&nbsp;&nbsp;&nbsp; Tibor\nKontor&nbsp;&nbsp; v.r.<br>\n&nbsp;&nbsp;&nbsp;&nbsp;&nbsp;&nbsp;&nbsp;&nbsp;&nbsp;&nbsp;&nbsp;&nbsp;&nbsp;&nbsp;&nbsp;&nbsp;&nbsp;&nbsp;&nbsp;&nbsp;&nbsp;&nbsp;&nbsp;&nbsp;&nbsp;&nbsp;&nbsp;&nbsp;&nbsp;&nbsp;&nbsp;&nbsp;&nbsp;&nbsp;&nbsp;&nbsp;&nbsp;&nbsp;&nbsp;&nbsp;&nbsp;&nbsp;&nbsp;&nbsp;&nbsp;&nbsp;&nbsp;&nbsp;&nbsp;&nbsp;&nbsp;&nbsp;&nbsp;&nbsp;&nbsp;&nbsp;&nbsp;&nbsp;&nbsp;&nbsp;&nbsp;&nbsp;&nbsp;&nbsp;&nbsp;&nbsp;&nbsp;&nbsp;&nbsp;&nbsp;&nbsp;&nbsp;&nbsp;&nbsp;&nbsp;&nbsp;&nbsp;&nbsp;&nbsp;&nbsp;&nbsp;&nbsp;&nbsp;&nbsp;&nbsp;&nbsp;&nbsp;&nbsp;&nbsp;&nbsp;&nbsp;&nbsp;\n&nbsp;&nbsp;&nbsp;&nbsp;&nbsp;&nbsp;&nbsp;&nbsp;&nbsp;&nbsp;&nbsp;&nbsp;&nbsp;&nbsp;&nbsp;predseda<\/p>\n","protected":false},"excerpt":{"rendered":"<p>V\u0161etk\u00fdm \u010dlenom Urbari\u00e1tu Trebe\u013eovce p.s.! Vec:&nbsp; Zru\u0161enie term\u00ednu konania Valn\u00e9ho zhroma\u017edenia Urbari\u00e1tu Trebe\u013eovce p.s., pl\u00e1novan\u00e9ho na de\u0148 22.03.2020 na 14,00 hod. v&nbsp;Trebe\u013eovciach. V\u00e1\u017een\u00ed \u010dlenovia Urbari\u00e1tu Trebe\u013eovce p.s., pozv\u00e1nkami, ktor\u00e9 ste obdr\u017eali cca pred troma t\u00fd\u017ed\u0148ami, sme pl\u00e1novali uskuto\u010dni\u0165 valn\u00e9 zhroma\u017edenie d\u0148a 22.03.2020 o&nbsp;14,00 hod v&nbsp;malej&#8230;<\/p>\n<div class=\"easywp-readmore\"><a class=\"read-more-link\" href=\"https:\/\/urbariattrebelovce.sk\/?p=163\">Continue Reading&#8230;<span class=\"screen-reader-text\">  O z n \u00e1 m e n i e<\/span><\/a><\/div>\n","protected":false},"author":2,"featured_media":0,"comment_status":"open","ping_status":"open","sticky":false,"template":"","format":"standard","meta":{"_monsterinsights_skip_tracking":false,"_monsterinsights_sitenote_active":false,"_monsterinsights_sitenote_note":"","_monsterinsights_sitenote_category":0,"footnotes":""},"categories":[1],"tags":[],"class_list":["post-163","post","type-post","status-publish","format-standard","hentry","category-nezaradene","wpcat-1-id"],"_links":{"self":[{"href":"https:\/\/urbariattrebelovce.sk\/index.php?rest_route=\/wp\/v2\/posts\/163","targetHints":{"allow":["GET"]}}],"collection":[{"href":"https:\/\/urbariattrebelovce.sk\/index.php?rest_route=\/wp\/v2\/posts"}],"about":[{"href":"https:\/\/urbariattrebelovce.sk\/index.php?rest_route=\/wp\/v2\/types\/post"}],"author":[{"embeddable":true,"href":"https:\/\/urbariattrebelovce.sk\/index.php?rest_route=\/wp\/v2\/users\/2"}],"replies":[{"embeddable":true,"href":"https:\/\/urbariattrebelovce.sk\/index.php?rest_route=%2Fwp%2Fv2%2Fcomments&post=163"}],"version-history":[{"count":2,"href":"https:\/\/urbariattrebelovce.sk\/index.php?rest_route=\/wp\/v2\/posts\/163\/revisions"}],"predecessor-version":[{"id":166,"href":"https:\/\/urbariattrebelovce.sk\/index.php?rest_route=\/wp\/v2\/posts\/163\/revisions\/166"}],"wp:attachment":[{"href":"https:\/\/urbariattrebelovce.sk\/index.php?rest_route=%2Fwp%2Fv2%2Fmedia&parent=163"}],"wp:term":[{"taxonomy":"category","embeddable":true,"href":"https:\/\/urbariattrebelovce.sk\/index.php?rest_route=%2Fwp%2Fv2%2Fcategories&post=163"},{"taxonomy":"post_tag","embeddable":true,"href":"https:\/\/urbariattrebelovce.sk\/index.php?rest_route=%2Fwp%2Fv2%2Ftags&post=163"}],"curies":[{"name":"wp","href":"https:\/\/api.w.org\/{rel}","templated":true}]}}