{"id":154,"date":"2020-03-12T12:44:33","date_gmt":"2020-03-12T11:44:33","guid":{"rendered":"http:\/\/urbariattrebelovce.sk\/?p=154"},"modified":"2020-03-12T12:52:40","modified_gmt":"2020-03-12T11:52:40","slug":"pozvanka-22-3-2020-o-1400-hod","status":"publish","type":"post","link":"https:\/\/urbariattrebelovce.sk\/?p=154","title":{"rendered":"Pozv\u00e1nka 22.3.2020 o 14:00 hod"},"content":{"rendered":"\n<p> V\u00fdbor Urbari\u00e1tu Trebe\u013eovce p.s. V\u00e1s srde\u010dne poz\u00fdva na valn\u00e9 zhroma\u017edenie. <\/p>\n\n\n\n<h2 class=\"wp-block-heading\"><\/h2>\n\n\n\n<p><\/p>\n\n\n\n<p class=\"has-text-color has-vivid-red-color\"><strong>!!! V pr\u00edpade zru\u0161enia v\u00fdro\u010dnej sch\u00f4dze z d\u00f4vodu ochrany pred \u0161\u00edren\u00edm koronav\u00edrusu V\u00e1s budeme informova\u0165 o novom term\u00edne. !!!<\/strong><\/p>\n\n\n\n<p><\/p>\n\n\n\n<figure class=\"wp-block-image\"><img loading=\"lazy\" decoding=\"async\" width=\"745\" height=\"1024\" src=\"http:\/\/urbariattrebelovce.sk\/wp-content\/uploads\/2020\/03\/POZV\u00e1NKA-001-745x1024.jpg\" alt=\"\" class=\"wp-image-155\" srcset=\"https:\/\/urbariattrebelovce.sk\/wp-content\/uploads\/2020\/03\/POZV\u00e1NKA-001-745x1024.jpg 745w, https:\/\/urbariattrebelovce.sk\/wp-content\/uploads\/2020\/03\/POZV\u00e1NKA-001-218x300.jpg 218w, https:\/\/urbariattrebelovce.sk\/wp-content\/uploads\/2020\/03\/POZV\u00e1NKA-001-768x1056.jpg 768w\" sizes=\"auto, (max-width: 745px) 100vw, 745px\" \/><\/figure>\n\n\n\n<figure class=\"wp-block-image\"><img loading=\"lazy\" decoding=\"async\" width=\"745\" height=\"1024\" src=\"http:\/\/urbariattrebelovce.sk\/wp-content\/uploads\/2020\/03\/SPLNO-001-745x1024.jpg\" alt=\"\" class=\"wp-image-157\" srcset=\"https:\/\/urbariattrebelovce.sk\/wp-content\/uploads\/2020\/03\/SPLNO-001-745x1024.jpg 745w, https:\/\/urbariattrebelovce.sk\/wp-content\/uploads\/2020\/03\/SPLNO-001-218x300.jpg 218w, https:\/\/urbariattrebelovce.sk\/wp-content\/uploads\/2020\/03\/SPLNO-001-768x1056.jpg 768w\" sizes=\"auto, (max-width: 745px) 100vw, 745px\" \/><\/figure>\n","protected":false},"excerpt":{"rendered":"<p>V\u00fdbor Urbari\u00e1tu Trebe\u013eovce p.s. V\u00e1s srde\u010dne poz\u00fdva na valn\u00e9 zhroma\u017edenie. !!! V pr\u00edpade zru\u0161enia v\u00fdro\u010dnej sch\u00f4dze z d\u00f4vodu ochrany pred \u0161\u00edren\u00edm koronav\u00edrusu V\u00e1s budeme informova\u0165 o novom term\u00edne. !!!<\/p>\n","protected":false},"author":2,"featured_media":0,"comment_status":"open","ping_status":"open","sticky":false,"template":"","format":"standard","meta":{"_monsterinsights_skip_tracking":false,"_monsterinsights_sitenote_active":false,"_monsterinsights_sitenote_note":"","_monsterinsights_sitenote_category":0,"footnotes":""},"categories":[1],"tags":[],"class_list":["post-154","post","type-post","status-publish","format-standard","hentry","category-nezaradene","wpcat-1-id"],"_links":{"self":[{"href":"https:\/\/urbariattrebelovce.sk\/index.php?rest_route=\/wp\/v2\/posts\/154","targetHints":{"allow":["GET"]}}],"collection":[{"href":"https:\/\/urbariattrebelovce.sk\/index.php?rest_route=\/wp\/v2\/posts"}],"about":[{"href":"https:\/\/urbariattrebelovce.sk\/index.php?rest_route=\/wp\/v2\/types\/post"}],"author":[{"embeddable":true,"href":"https:\/\/urbariattrebelovce.sk\/index.php?rest_route=\/wp\/v2\/users\/2"}],"replies":[{"embeddable":true,"href":"https:\/\/urbariattrebelovce.sk\/index.php?rest_route=%2Fwp%2Fv2%2Fcomments&post=154"}],"version-history":[{"count":4,"href":"https:\/\/urbariattrebelovce.sk\/index.php?rest_route=\/wp\/v2\/posts\/154\/revisions"}],"predecessor-version":[{"id":162,"href":"https:\/\/urbariattrebelovce.sk\/index.php?rest_route=\/wp\/v2\/posts\/154\/revisions\/162"}],"wp:attachment":[{"href":"https:\/\/urbariattrebelovce.sk\/index.php?rest_route=%2Fwp%2Fv2%2Fmedia&parent=154"}],"wp:term":[{"taxonomy":"category","embeddable":true,"href":"https:\/\/urbariattrebelovce.sk\/index.php?rest_route=%2Fwp%2Fv2%2Fcategories&post=154"},{"taxonomy":"post_tag","embeddable":true,"href":"https:\/\/urbariattrebelovce.sk\/index.php?rest_route=%2Fwp%2Fv2%2Ftags&post=154"}],"curies":[{"name":"wp","href":"https:\/\/api.w.org\/{rel}","templated":true}]}}